{"id":2633,"date":"2024-12-17T21:04:24","date_gmt":"2024-12-17T20:04:24","guid":{"rendered":"https:\/\/ceippedrosanchezciruelo.catedu.es\/?p=2633"},"modified":"2024-12-17T21:10:28","modified_gmt":"2024-12-17T20:10:28","slug":"villancicos-en-navidad","status":"publish","type":"post","link":"https:\/\/ceippedrosanchezciruelo.catedu.es\/?p=2633","title":{"rendered":"VILLANCICOS EN NAVIDAD"},"content":{"rendered":"\n<p class=\"has-text-align-center\">Un a\u00f1o m\u00e1s, el alumnado de Infantil del Ciruelo, ha deleitado con sus villancicos las l@s ni\u00f1@s de la guarder\u00eda y posteriormente ha visitado las dos residencias de la localidad.<\/p>\n\n\n\n<p class=\"has-text-align-center\">\u00a1Nos encanta la Navidad!<\/p>\n\n\n\n<figure class=\"wp-block-embed is-type-video is-provider-youtube wp-block-embed-youtube wp-embed-aspect-16-9 wp-has-aspect-ratio\"><div class=\"wp-block-embed__wrapper\">\n<iframe loading=\"lazy\" title=\"Villancicos en Navidad. Alumnado de Infantil\" width=\"695\" height=\"391\" src=\"https:\/\/www.youtube.com\/embed\/Urb3u4wb1MY?feature=oembed\" frameborder=\"0\" allow=\"accelerometer; autoplay; clipboard-write; encrypted-media; gyroscope; picture-in-picture; web-share\" referrerpolicy=\"strict-origin-when-cross-origin\" allowfullscreen><\/iframe>\n<\/div><\/figure>\n\n\n<div class=\"wp-block-image\">\n<figure class=\"aligncenter size-large\"><img loading=\"lazy\" decoding=\"async\" width=\"577\" height=\"343\" src=\"https:\/\/ceippedrosanchezciruelo.catedu.es\/wp-content\/uploads\/sites\/78\/2024\/12\/Captura-de-pantalla-2024-12-17-a-las-21.03.10-577x343.png\" alt=\"\" class=\"wp-image-2634\" srcset=\"https:\/\/ceippedrosanchezciruelo.catedu.es\/wp-content\/uploads\/sites\/78\/2024\/12\/Captura-de-pantalla-2024-12-17-a-las-21.03.10-577x343.png 577w, https:\/\/ceippedrosanchezciruelo.catedu.es\/wp-content\/uploads\/sites\/78\/2024\/12\/Captura-de-pantalla-2024-12-17-a-las-21.03.10-300x178.png 300w, https:\/\/ceippedrosanchezciruelo.catedu.es\/wp-content\/uploads\/sites\/78\/2024\/12\/Captura-de-pantalla-2024-12-17-a-las-21.03.10-768x456.png 768w, https:\/\/ceippedrosanchezciruelo.catedu.es\/wp-content\/uploads\/sites\/78\/2024\/12\/Captura-de-pantalla-2024-12-17-a-las-21.03.10-1536x913.png 1536w, https:\/\/ceippedrosanchezciruelo.catedu.es\/wp-content\/uploads\/sites\/78\/2024\/12\/Captura-de-pantalla-2024-12-17-a-las-21.03.10-2048x1217.png 2048w, https:\/\/ceippedrosanchezciruelo.catedu.es\/wp-content\/uploads\/sites\/78\/2024\/12\/Captura-de-pantalla-2024-12-17-a-las-21.03.10-695x413.png 695w\" sizes=\"auto, (max-width: 577px) 100vw, 577px\" \/><\/figure>\n<\/div>","protected":false},"excerpt":{"rendered":"<p>Un a\u00f1o m\u00e1s, el alumnado de Infantil del Ciruelo, ha deleitado con sus villancicos las l@s ni\u00f1@s de la guarder\u00eda y posteriormente ha visitado las dos residencias de la localidad. \u00a1Nos encanta la Navidad!<\/p>\n","protected":false},"author":237,"featured_media":0,"comment_status":"closed","ping_status":"closed","sticky":false,"template":"","format":"standard","meta":{"_uag_custom_page_level_css":"","_monsterinsights_skip_tracking":false,"_monsterinsights_sitenote_active":false,"_monsterinsights_sitenote_note":"","_monsterinsights_sitenote_category":0,"_uf_show_specific_survey":0,"_uf_disable_surveys":false,"ngg_post_thumbnail":0,"footnotes":""},"categories":[25,229,205],"tags":[],"class_list":["post-2633","post","type-post","status-publish","format-standard","hentry","category-actividades","category-ciclo-de-infantil","category-inicio","nodate","item-wrap"],"uagb_featured_image_src":{"full":false,"thumbnail":false,"medium":false,"medium_large":false,"large":false,"1536x1536":false,"2048x2048":false,"graphene_slider":false,"graphene_featured_image":false,"graphene-homepage-pane":false,"post-thumbnail":false},"uagb_author_info":{"display_name":"CEIP PEDRO S\u00c1NCHEZ CIRUELO","author_link":"https:\/\/ceippedrosanchezciruelo.catedu.es\/?author=237"},"uagb_comment_info":0,"uagb_excerpt":"Un a\u00f1o m\u00e1s, el alumnado de Infantil del Ciruelo, ha deleitado con sus villancicos las l@s ni\u00f1@s de la guarder\u00eda y posteriormente ha visitado las dos residencias de la localidad. \u00a1Nos encanta la Navidad!","post_mailing_queue_ids":[],"_links":{"self":[{"href":"https:\/\/ceippedrosanchezciruelo.catedu.es\/index.php?rest_route=\/wp\/v2\/posts\/2633","targetHints":{"allow":["GET"]}}],"collection":[{"href":"https:\/\/ceippedrosanchezciruelo.catedu.es\/index.php?rest_route=\/wp\/v2\/posts"}],"about":[{"href":"https:\/\/ceippedrosanchezciruelo.catedu.es\/index.php?rest_route=\/wp\/v2\/types\/post"}],"author":[{"embeddable":true,"href":"https:\/\/ceippedrosanchezciruelo.catedu.es\/index.php?rest_route=\/wp\/v2\/users\/237"}],"replies":[{"embeddable":true,"href":"https:\/\/ceippedrosanchezciruelo.catedu.es\/index.php?rest_route=%2Fwp%2Fv2%2Fcomments&post=2633"}],"version-history":[{"count":2,"href":"https:\/\/ceippedrosanchezciruelo.catedu.es\/index.php?rest_route=\/wp\/v2\/posts\/2633\/revisions"}],"predecessor-version":[{"id":2636,"href":"https:\/\/ceippedrosanchezciruelo.catedu.es\/index.php?rest_route=\/wp\/v2\/posts\/2633\/revisions\/2636"}],"wp:attachment":[{"href":"https:\/\/ceippedrosanchezciruelo.catedu.es\/index.php?rest_route=%2Fwp%2Fv2%2Fmedia&parent=2633"}],"wp:term":[{"taxonomy":"category","embeddable":true,"href":"https:\/\/ceippedrosanchezciruelo.catedu.es\/index.php?rest_route=%2Fwp%2Fv2%2Fcategories&post=2633"},{"taxonomy":"post_tag","embeddable":true,"href":"https:\/\/ceippedrosanchezciruelo.catedu.es\/index.php?rest_route=%2Fwp%2Fv2%2Ftags&post=2633"}],"curies":[{"name":"wp","href":"https:\/\/api.w.org\/{rel}","templated":true}]}}